{"id":1245,"date":"2025-07-07T16:28:12","date_gmt":"2025-07-07T14:28:12","guid":{"rendered":"https:\/\/entrepreneurmagazinerdc.com\/?p=1245"},"modified":"2025-07-07T16:29:47","modified_gmt":"2025-07-07T14:29:47","slug":"kinshasa-lurgence-dun-plan-strategique-national-pour-creer-entreprises-et-emplois","status":"publish","type":"post","link":"https:\/\/entrepreneurmagazinerdc.com\/index.php\/2025\/07\/07\/kinshasa-lurgence-dun-plan-strategique-national-pour-creer-entreprises-et-emplois\/","title":{"rendered":"Kinshasa : l&rsquo;urgence d\u2019un plan strat\u00e9gique national pour cr\u00e9er entreprises et emplois"},"content":{"rendered":"\n<p>Dans une salle surchauff\u00e9e de Kinshasa, ce samedi 6 juillet, une id\u00e9e a jailli comme une alerte rouge : la RDC a besoin d\u2019un p<strong>lan strat\u00e9gique national de cr\u00e9ation d\u2019entreprises et d\u2019emplois<\/strong>. Pas demain. Maintenant. C\u2019est ce qu\u2019a martel\u00e9 <strong>Erick Mungomba<\/strong>, expert en emploi et entrepreneuriat, lors d\u2019une journ\u00e9e de r\u00e9flexion qui a eu des allures de cri du c\u0153ur.<\/p>\n\n\n\n<p>Face \u00e0 un march\u00e9 du travail moribond \u2013 \u00e0 peine <strong>5.000 offres d\u2019emploi<\/strong> par an pour un pays de plus de<strong> 100 millions d\u2019habitants<\/strong> \u2013 Mungomba appelle \u00e0 rompre avec les rustines administratives. L\u2019enjeu ? R\u00e9concilier formation, comp\u00e9tences et r\u00e9alit\u00e9s du terrain. Un \u00ab <strong>ROME congolais<\/strong> \u00bb, un catalogue des m\u00e9tiers, une cartographie des comp\u00e9tences, une approche chirurgicale selon les profils : dipl\u00f4m\u00e9s, autodidactes, porteurs de projets et personnes vivant avec handicap.<\/p>\n\n\n\n<p>\u00ab On parle souvent de l\u2019emploi comme d\u2019un enjeu technique. C\u2019est une erreur. C\u2019est une bombe sociale en gestation \u00bb, a-t-il l\u00e2ch\u00e9, entre deux slides, appelant \u00e0 une r\u00e9forme \u00e9ducative et entrepreneuriale d\u2019envergure.<\/p>\n\n\n\n<p>Pour Armand Miteo, pr\u00e9sident de la fondation organisatrice, l\u2019initiative veut redonner voix \u00e0 une jeunesse souvent rel\u00e9gu\u00e9e au rang de spectatrice. \u00ab La jeunesse congolaise ne veut plus juste apprendre. Elle veut b\u00e2tir, cr\u00e9er, entreprendre \u00bb, r\u00e9sume-t-il.<\/p>\n\n\n\n<p>\u00c0 l\u2019heure o\u00f9 la RDC s\u2019appr\u00eate \u00e0 franchir le cap des 120 millions d\u2019habitants, le silence strat\u00e9gique n\u2019est plus une option. Il est temps de penser entreprise, de parler emploi, de dessiner l\u2019avenir. Et surtout, de ne plus le subir.<\/p>\n\n\n\n<p>D. Lukoji<\/p>\n","protected":false},"excerpt":{"rendered":"<p>Dans une salle surchauff\u00e9e de Kinshasa, ce samedi 6 juillet, une id\u00e9e a jailli comme une alerte rouge : la RDC a besoin d\u2019un plan strat\u00e9gique national de cr\u00e9ation d\u2019entreprises et d\u2019emplois. Pas demain. Maintenant. C\u2019est ce qu\u2019a martel\u00e9 Erick Mungomba, expert en emploi et entrepreneuriat, lors d\u2019une journ\u00e9e de r\u00e9flexion qui a eu des [&hellip;]<\/p>\n","protected":false},"author":1,"featured_media":1247,"comment_status":"open","ping_status":"open","sticky":false,"template":"","format":"standard","meta":{"_bbp_topic_count":0,"_bbp_reply_count":0,"_bbp_total_topic_count":0,"_bbp_total_reply_count":0,"_bbp_voice_count":0,"_bbp_anonymous_reply_count":0,"_bbp_topic_count_hidden":0,"_bbp_reply_count_hidden":0,"_bbp_forum_subforum_count":0,"footnotes":""},"categories":[6],"tags":[328,244,94,97,327,77],"class_list":["post-1245","post","type-post","status-publish","format-standard","has-post-thumbnail","hentry","category-news","tag-chomage","tag-emploi","tag-entrepreneuriat","tag-kinshasa","tag-plan-strategique","tag-rdc"],"amp_enabled":true,"_links":{"self":[{"href":"https:\/\/entrepreneurmagazinerdc.com\/index.php\/wp-json\/wp\/v2\/posts\/1245","targetHints":{"allow":["GET"]}}],"collection":[{"href":"https:\/\/entrepreneurmagazinerdc.com\/index.php\/wp-json\/wp\/v2\/posts"}],"about":[{"href":"https:\/\/entrepreneurmagazinerdc.com\/index.php\/wp-json\/wp\/v2\/types\/post"}],"author":[{"embeddable":true,"href":"https:\/\/entrepreneurmagazinerdc.com\/index.php\/wp-json\/wp\/v2\/users\/1"}],"replies":[{"embeddable":true,"href":"https:\/\/entrepreneurmagazinerdc.com\/index.php\/wp-json\/wp\/v2\/comments?post=1245"}],"version-history":[{"count":1,"href":"https:\/\/entrepreneurmagazinerdc.com\/index.php\/wp-json\/wp\/v2\/posts\/1245\/revisions"}],"predecessor-version":[{"id":1248,"href":"https:\/\/entrepreneurmagazinerdc.com\/index.php\/wp-json\/wp\/v2\/posts\/1245\/revisions\/1248"}],"wp:featuredmedia":[{"embeddable":true,"href":"https:\/\/entrepreneurmagazinerdc.com\/index.php\/wp-json\/wp\/v2\/media\/1247"}],"wp:attachment":[{"href":"https:\/\/entrepreneurmagazinerdc.com\/index.php\/wp-json\/wp\/v2\/media?parent=1245"}],"wp:term":[{"taxonomy":"category","embeddable":true,"href":"https:\/\/entrepreneurmagazinerdc.com\/index.php\/wp-json\/wp\/v2\/categories?post=1245"},{"taxonomy":"post_tag","embeddable":true,"href":"https:\/\/entrepreneurmagazinerdc.com\/index.php\/wp-json\/wp\/v2\/tags?post=1245"}],"curies":[{"name":"wp","href":"https:\/\/api.w.org\/{rel}","templated":true}]}}