{"id":487,"date":"2024-03-29T11:45:41","date_gmt":"2024-03-29T09:45:41","guid":{"rendered":"https:\/\/entrepreneurmagazinerdc.com\/?p=487"},"modified":"2024-03-29T14:58:06","modified_gmt":"2024-03-29T12:58:06","slug":"reelection-de-didier-stanzos-a-la-tete-du-comite-professionnel-horeca-du-haut-katanga","status":"publish","type":"post","link":"https:\/\/entrepreneurmagazinerdc.com\/index.php\/2024\/03\/29\/reelection-de-didier-stanzos-a-la-tete-du-comite-professionnel-horeca-du-haut-katanga\/","title":{"rendered":"R\u00e9\u00e9lection de Didier Stanzos \u00e0 la t\u00eate du Comit\u00e9 Professionnel HORECA du Haut-Katanga"},"content":{"rendered":"\n<p>Lubumbashi, jeudi 28 mars 2024 &#8211; Au si\u00e8ge provincial de la <a href=\"https:\/\/www.linkedin.com\/company\/federation-des-entreprises-du-congo-haut-katanga\/\">F\u00e9d\u00e9ration des Entreprises du Congo (FEC) Haut-Katanga<\/a>, s&rsquo;est tenue l&rsquo;Assembl\u00e9e Ordinaire et Elective du Comit\u00e9 Professionnel HORECA (H\u00f4tel, Restaurant, Caf\u00e9-catering). Cette assembl\u00e9e a abouti \u00e0 la r\u00e9\u00e9lection de Didier Stanzos en tant que Pr\u00e9sident dudit Comit\u00e9 pour un nouveau mandat couvrant l&rsquo;exercice 2024-2028.<\/p>\n\n\n\n<figure class=\"wp-block-image size-large\"><img loading=\"lazy\" decoding=\"async\" width=\"1024\" height=\"576\" src=\"https:\/\/entrepreneurmagazinerdc.com\/wp-content\/uploads\/2024\/03\/33fa1237-5fa6-4f1f-8ffe-df642f5853e3-1024x576.jpg\" alt=\"\" class=\"wp-image-489\" srcset=\"https:\/\/entrepreneurmagazinerdc.com\/wp-content\/uploads\/2024\/03\/33fa1237-5fa6-4f1f-8ffe-df642f5853e3-1024x576.jpg 1024w, https:\/\/entrepreneurmagazinerdc.com\/wp-content\/uploads\/2024\/03\/33fa1237-5fa6-4f1f-8ffe-df642f5853e3-300x169.jpg 300w, https:\/\/entrepreneurmagazinerdc.com\/wp-content\/uploads\/2024\/03\/33fa1237-5fa6-4f1f-8ffe-df642f5853e3-768x432.jpg 768w, https:\/\/entrepreneurmagazinerdc.com\/wp-content\/uploads\/2024\/03\/33fa1237-5fa6-4f1f-8ffe-df642f5853e3-750x422.jpg 750w, https:\/\/entrepreneurmagazinerdc.com\/wp-content\/uploads\/2024\/03\/33fa1237-5fa6-4f1f-8ffe-df642f5853e3-1140x641.jpg 1140w, https:\/\/entrepreneurmagazinerdc.com\/wp-content\/uploads\/2024\/03\/33fa1237-5fa6-4f1f-8ffe-df642f5853e3.jpg 1200w\" sizes=\"auto, (max-width: 1024px) 100vw, 1024px\" \/><\/figure>\n\n\n\n<p>Monsieur Stanzos, entrepreneur et consultant engag\u00e9 dans le domaine de l&rsquo;HORECA, a \u00e9t\u00e9 unanimement r\u00e9\u00e9lu par acclamations, soulignant ainsi la confiance et le soutien de ses pairs dans sa capacit\u00e9 \u00e0 diriger et \u00e0 repr\u00e9senter efficacement les int\u00e9r\u00eats de ce secteur vital de l&rsquo;\u00e9conomie locale.<\/p>\n\n\n\n<p>\u00c9galement \u00e9lu lors de cette assembl\u00e9e, Mike Mutwale, Co-organisateur des \u00e9v\u00e9nements <a href=\"https:\/\/vendredi-poulet.odoo.com\/\">Vendredi Poulet<\/a>, a \u00e9t\u00e9 d\u00e9sign\u00e9 en tant que 1er Vice-Pr\u00e9sident du Comit\u00e9 pour le m\u00eame mandat. Cette \u00e9lection marque une volont\u00e9 de renforcer la repr\u00e9sentation et la diversit\u00e9 des acteurs de l&rsquo;HORECA au sein du Comit\u00e9 Professionnel.<\/p>\n\n\n\n<p>Le duo form\u00e9 par le Pr\u00e9sident r\u00e9\u00e9lu, Didier Stanzos, et le 1er Vice-Pr\u00e9sident nouvellement \u00e9lu, Mike Mutwale, a pr\u00e9sent\u00e9 un ambitieux programme pour leur mandat \u00e0 venir. Leur projet vise \u00e0 f\u00e9d\u00e9rer l&rsquo;ensemble des acteurs du secteur, \u00e0 encourager l&rsquo;adh\u00e9sion de nouveaux membres, \u00e0 offrir des formations sp\u00e9cialis\u00e9es visant \u00e0 renforcer les capacit\u00e9s professionnelles, et \u00e0 pr\u00e9parer activement le terrain pour la tenue d&rsquo;un Forum sur l&rsquo;HORECA \u00e0 la fin de l&rsquo;ann\u00e9e 2024. Ce forum constituera une plateforme cruciale pour l&rsquo;\u00e9change d&rsquo;id\u00e9es, le partage de bonnes pratiques, et le renforcement des collaborations au sein de l&rsquo;industrie HORECA en R\u00e9publique D\u00e9mocratique du Congo.<\/p>\n\n\n\n<figure class=\"wp-block-image size-large\"><img loading=\"lazy\" decoding=\"async\" width=\"1024\" height=\"576\" src=\"https:\/\/entrepreneurmagazinerdc.com\/wp-content\/uploads\/2024\/03\/504952ec-da30-4b3a-be7a-7f1967a72fbb-1024x576.jpg\" alt=\"\" class=\"wp-image-490\" srcset=\"https:\/\/entrepreneurmagazinerdc.com\/wp-content\/uploads\/2024\/03\/504952ec-da30-4b3a-be7a-7f1967a72fbb-1024x576.jpg 1024w, https:\/\/entrepreneurmagazinerdc.com\/wp-content\/uploads\/2024\/03\/504952ec-da30-4b3a-be7a-7f1967a72fbb-300x169.jpg 300w, https:\/\/entrepreneurmagazinerdc.com\/wp-content\/uploads\/2024\/03\/504952ec-da30-4b3a-be7a-7f1967a72fbb-768x432.jpg 768w, https:\/\/entrepreneurmagazinerdc.com\/wp-content\/uploads\/2024\/03\/504952ec-da30-4b3a-be7a-7f1967a72fbb-750x422.jpg 750w, https:\/\/entrepreneurmagazinerdc.com\/wp-content\/uploads\/2024\/03\/504952ec-da30-4b3a-be7a-7f1967a72fbb-1140x641.jpg 1140w, https:\/\/entrepreneurmagazinerdc.com\/wp-content\/uploads\/2024\/03\/504952ec-da30-4b3a-be7a-7f1967a72fbb.jpg 1200w\" sizes=\"auto, (max-width: 1024px) 100vw, 1024px\" \/><\/figure>\n\n\n\n<p>Un appel pressant est lanc\u00e9 aux entrepreneurs \u00e9voluant dans le domaine de l&rsquo;HORECA pour qu&rsquo;ils rejoignent la FEC Haut-Katanga, afin de contribuer activement au rayonnement et au d\u00e9veloppement continu de ce secteur strat\u00e9gique de l&rsquo;\u00e9conomie locale. En s&rsquo;unissant sous la banni\u00e8re de la FEC, les acteurs de l&rsquo;HORECA auront l&rsquo;opportunit\u00e9 de faire entendre leur voix collective, de b\u00e9n\u00e9ficier de ressources et de soutiens pr\u00e9cieux, et de participer \u00e0 la construction d&rsquo;un avenir prosp\u00e8re pour l&rsquo;ensemble de la communaut\u00e9 HORECA de la r\u00e9gion Haut-Katanga.<\/p>\n\n\n\n<p>La R\u00e9daction<\/p>\n","protected":false},"excerpt":{"rendered":"<p>Lubumbashi, jeudi 28 mars 2024 &#8211; Au si\u00e8ge provincial de la F\u00e9d\u00e9ration des Entreprises du Congo (FEC) Haut-Katanga, s&rsquo;est tenue l&rsquo;Assembl\u00e9e Ordinaire et Elective du Comit\u00e9 Professionnel HORECA (H\u00f4tel, Restaurant, Caf\u00e9-catering). Cette assembl\u00e9e a abouti \u00e0 la r\u00e9\u00e9lection de Didier Stanzos en tant que Pr\u00e9sident dudit Comit\u00e9 pour un nouveau mandat couvrant l&rsquo;exercice 2024-2028. Monsieur [&hellip;]<\/p>\n","protected":false},"author":1,"featured_media":488,"comment_status":"closed","ping_status":"closed","sticky":false,"template":"","format":"standard","meta":{"_bbp_topic_count":0,"_bbp_reply_count":0,"_bbp_total_topic_count":0,"_bbp_total_reply_count":0,"_bbp_voice_count":0,"_bbp_anonymous_reply_count":0,"_bbp_topic_count_hidden":0,"_bbp_reply_count_hidden":0,"_bbp_forum_subforum_count":0,"footnotes":""},"categories":[72,6],"tags":[],"class_list":["post-487","post","type-post","status-publish","format-standard","has-post-thumbnail","hentry","category-evenement","category-news"],"amp_enabled":true,"_links":{"self":[{"href":"https:\/\/entrepreneurmagazinerdc.com\/index.php\/wp-json\/wp\/v2\/posts\/487","targetHints":{"allow":["GET"]}}],"collection":[{"href":"https:\/\/entrepreneurmagazinerdc.com\/index.php\/wp-json\/wp\/v2\/posts"}],"about":[{"href":"https:\/\/entrepreneurmagazinerdc.com\/index.php\/wp-json\/wp\/v2\/types\/post"}],"author":[{"embeddable":true,"href":"https:\/\/entrepreneurmagazinerdc.com\/index.php\/wp-json\/wp\/v2\/users\/1"}],"replies":[{"embeddable":true,"href":"https:\/\/entrepreneurmagazinerdc.com\/index.php\/wp-json\/wp\/v2\/comments?post=487"}],"version-history":[{"count":1,"href":"https:\/\/entrepreneurmagazinerdc.com\/index.php\/wp-json\/wp\/v2\/posts\/487\/revisions"}],"predecessor-version":[{"id":491,"href":"https:\/\/entrepreneurmagazinerdc.com\/index.php\/wp-json\/wp\/v2\/posts\/487\/revisions\/491"}],"wp:featuredmedia":[{"embeddable":true,"href":"https:\/\/entrepreneurmagazinerdc.com\/index.php\/wp-json\/wp\/v2\/media\/488"}],"wp:attachment":[{"href":"https:\/\/entrepreneurmagazinerdc.com\/index.php\/wp-json\/wp\/v2\/media?parent=487"}],"wp:term":[{"taxonomy":"category","embeddable":true,"href":"https:\/\/entrepreneurmagazinerdc.com\/index.php\/wp-json\/wp\/v2\/categories?post=487"},{"taxonomy":"post_tag","embeddable":true,"href":"https:\/\/entrepreneurmagazinerdc.com\/index.php\/wp-json\/wp\/v2\/tags?post=487"}],"curies":[{"name":"wp","href":"https:\/\/api.w.org\/{rel}","templated":true}]}}