{"id":611,"date":"2024-05-12T12:27:57","date_gmt":"2024-05-12T10:27:57","guid":{"rendered":"https:\/\/entrepreneurmagazinerdc.com\/?p=611"},"modified":"2024-05-12T12:43:54","modified_gmt":"2024-05-12T10:43:54","slug":"fec-et-arsp-saccordent-sur-la-mise-en-oeuvre-de-la-loi-sur-la-sous-traitance","status":"publish","type":"post","link":"https:\/\/entrepreneurmagazinerdc.com\/index.php\/2024\/05\/12\/fec-et-arsp-saccordent-sur-la-mise-en-oeuvre-de-la-loi-sur-la-sous-traitance\/","title":{"rendered":"FEC et ARSP s&rsquo;accordent sur la mise en \u0153uvre de la loi sur la sous-traitance"},"content":{"rendered":"\n<p>Un vent d&rsquo;apaisement souffle sur le secteur priv\u00e9 congolais. La F\u00e9d\u00e9ration des Entreprises du Congo (FEC) et l&rsquo;Autorit\u00e9 de R\u00e9gulation de la Sous-traitance dans le Secteur Priv\u00e9 (ARSP) ont enfin trouv\u00e9 un terrain d&rsquo;entente sur la mise en \u0153uvre de la loi sur la sous-traitance. C&rsquo;est \u00e0 l&rsquo;issue d&rsquo;une importante r\u00e9union tenue ce 11 mai 2024  au Minist\u00e8re de l&rsquo;Entrepreneuriat et des PME que les deux parties ont aplani leurs divergences.<\/p>\n\n\n\n<figure class=\"wp-block-embed is-type-video is-provider-youtube wp-block-embed-youtube wp-embed-aspect-4-3 wp-has-aspect-ratio\"><div class=\"wp-block-embed__wrapper\">\n<iframe loading=\"lazy\" title=\"FEC et ARSP s&#039;accordent sur la mise en \u0153uvre de la loi sur la sous-traitance\" width=\"500\" height=\"375\" src=\"https:\/\/www.youtube.com\/embed\/jUz0dyrKsK4?feature=oembed\" frameborder=\"0\" allow=\"accelerometer; autoplay; clipboard-write; encrypted-media; gyroscope; picture-in-picture; web-share\" referrerpolicy=\"strict-origin-when-cross-origin\" allowfullscreen><\/iframe>\n<\/div><\/figure>\n\n\n\n<p>Cette rencontre, \u00e0 laquelle a pris part le Ministre de l&rsquo;Entrepreneuriat et des PME, visait \u00e0 \u00e9valuer la collaboration entre la FEC et l&rsquo;ARSP et \u00e0 trouver des solutions aux points de friction qui bloquaient la mise en \u0153uvre effective de la loi sur la sous-traitance.<\/p>\n\n\n\n<figure class=\"wp-block-image size-full\"><img loading=\"lazy\" decoding=\"async\" width=\"800\" height=\"450\" src=\"https:\/\/entrepreneurmagazinerdc.com\/wp-content\/uploads\/2024\/05\/IMG-20240112-WA0056-edited.jpg\" alt=\"\" class=\"wp-image-613\" srcset=\"https:\/\/entrepreneurmagazinerdc.com\/wp-content\/uploads\/2024\/05\/IMG-20240112-WA0056-edited.jpg 800w, https:\/\/entrepreneurmagazinerdc.com\/wp-content\/uploads\/2024\/05\/IMG-20240112-WA0056-edited-300x169.jpg 300w, https:\/\/entrepreneurmagazinerdc.com\/wp-content\/uploads\/2024\/05\/IMG-20240112-WA0056-edited-768x432.jpg 768w, https:\/\/entrepreneurmagazinerdc.com\/wp-content\/uploads\/2024\/05\/IMG-20240112-WA0056-edited-750x422.jpg 750w\" sizes=\"auto, (max-width: 800px) 100vw, 800px\" \/><figcaption class=\"wp-element-caption\">Image d&rsquo;archives<\/figcaption><\/figure>\n\n\n\n<p>\u00ab\u00a0Les experts de nos deux institutions ont travaill\u00e9 plus de 10 jours et ils nous ont amen\u00e9 les r\u00e9sultats qui ont \u00e9t\u00e9 accept\u00e9s par les deux parties. Aujourd&rsquo;hui, apr\u00e8s ce travail l\u00e0, la FEC et l&rsquo;ARSP ont d\u00e9sormais le m\u00eame langage\u00a0\u00bb, a d\u00e9clar\u00e9 Robert Malumba, Pr\u00e9sident National de la FEC.<\/p>\n\n\n\n<p>De son c\u00f4t\u00e9, Honorable Miguel Katemb, Directeur G\u00e9n\u00e9ral de l&rsquo;ARSP a tenu \u00e0 souligner que: \u00ab\u00a0la FEC et l&rsquo;ARSP sont li\u00e9es pour relever le d\u00e9fi l&rsquo;application de la loi sur la sous-traitance en R\u00e9publique D\u00e9mocratique du Congo. Je f\u00e9licite ici, le Ministre de l&rsquo;Entrepreneuriat qui nous a convoqu\u00e9 pour aller de l&rsquo;avant dans l&rsquo;int\u00e9r\u00eat du pays et surtout pour mat\u00e9rialiser la vision du Chef de l&rsquo;Etat, Pr\u00e9sident de la R\u00e9publique SEM Felix-Antoine Tshisekedi\u00a0\u00bb.<\/p>\n\n\n\n<p>Cet accord entre la FEC et l&rsquo;ARSP constitue une \u00e9tape importante dans la promotion de la sous-traitance en R\u00e9publique D\u00e9mocratique du Congo. Il devrait permettre de booster l&rsquo;\u00e9conomie nationale en favorisant la cr\u00e9ation d&#8217;emplois et la croissance des PME.<\/p>\n\n\n\n<p>La R\u00e9daction<\/p>\n","protected":false},"excerpt":{"rendered":"<p>Un vent d&rsquo;apaisement souffle sur le secteur priv\u00e9 congolais. La F\u00e9d\u00e9ration des Entreprises du Congo (FEC) et l&rsquo;Autorit\u00e9 de R\u00e9gulation de la Sous-traitance dans le Secteur Priv\u00e9 (ARSP) ont enfin trouv\u00e9 un terrain d&rsquo;entente sur la mise en \u0153uvre de la loi sur la sous-traitance. C&rsquo;est \u00e0 l&rsquo;issue d&rsquo;une importante r\u00e9union tenue ce 11 mai [&hellip;]<\/p>\n","protected":false},"author":2,"featured_media":614,"comment_status":"open","ping_status":"open","sticky":false,"template":"","format":"standard","meta":{"_bbp_topic_count":0,"_bbp_reply_count":0,"_bbp_total_topic_count":0,"_bbp_total_reply_count":0,"_bbp_voice_count":0,"_bbp_anonymous_reply_count":0,"_bbp_topic_count_hidden":0,"_bbp_reply_count_hidden":0,"_bbp_forum_subforum_count":0,"footnotes":""},"categories":[45,6],"tags":[129,76,176,121,77],"class_list":["post-611","post","type-post","status-publish","format-standard","has-post-thumbnail","hentry","category-featured","category-news","tag-arsp","tag-fec","tag-loi-sous-traitance","tag-pme","tag-rdc"],"amp_enabled":true,"_links":{"self":[{"href":"https:\/\/entrepreneurmagazinerdc.com\/index.php\/wp-json\/wp\/v2\/posts\/611","targetHints":{"allow":["GET"]}}],"collection":[{"href":"https:\/\/entrepreneurmagazinerdc.com\/index.php\/wp-json\/wp\/v2\/posts"}],"about":[{"href":"https:\/\/entrepreneurmagazinerdc.com\/index.php\/wp-json\/wp\/v2\/types\/post"}],"author":[{"embeddable":true,"href":"https:\/\/entrepreneurmagazinerdc.com\/index.php\/wp-json\/wp\/v2\/users\/2"}],"replies":[{"embeddable":true,"href":"https:\/\/entrepreneurmagazinerdc.com\/index.php\/wp-json\/wp\/v2\/comments?post=611"}],"version-history":[{"count":1,"href":"https:\/\/entrepreneurmagazinerdc.com\/index.php\/wp-json\/wp\/v2\/posts\/611\/revisions"}],"predecessor-version":[{"id":615,"href":"https:\/\/entrepreneurmagazinerdc.com\/index.php\/wp-json\/wp\/v2\/posts\/611\/revisions\/615"}],"wp:featuredmedia":[{"embeddable":true,"href":"https:\/\/entrepreneurmagazinerdc.com\/index.php\/wp-json\/wp\/v2\/media\/614"}],"wp:attachment":[{"href":"https:\/\/entrepreneurmagazinerdc.com\/index.php\/wp-json\/wp\/v2\/media?parent=611"}],"wp:term":[{"taxonomy":"category","embeddable":true,"href":"https:\/\/entrepreneurmagazinerdc.com\/index.php\/wp-json\/wp\/v2\/categories?post=611"},{"taxonomy":"post_tag","embeddable":true,"href":"https:\/\/entrepreneurmagazinerdc.com\/index.php\/wp-json\/wp\/v2\/tags?post=611"}],"curies":[{"name":"wp","href":"https:\/\/api.w.org\/{rel}","templated":true}]}}