{"id":772,"date":"2024-09-19T20:50:00","date_gmt":"2024-09-19T18:50:00","guid":{"rendered":"https:\/\/entrepreneurmagazinerdc.com\/?p=772"},"modified":"2024-09-23T02:54:46","modified_gmt":"2024-09-23T00:54:46","slug":"rencontre-strategique-entre-gvb-et-le-ministre-des-mines-sur-la-gestion-des-deee","status":"publish","type":"post","link":"https:\/\/entrepreneurmagazinerdc.com\/index.php\/2024\/09\/19\/rencontre-strategique-entre-gvb-et-le-ministre-des-mines-sur-la-gestion-des-deee\/","title":{"rendered":"Rencontre strat\u00e9gique entre GVB et le ministre des Mines sur la gestion des DEEE"},"content":{"rendered":"\n<p>Le jeudi 19 septembre 2024, le Directeur G\u00e9n\u00e9ral de Great Vision Business Holding (GVB) sarl, Joel Tembo Vwira, accompagn\u00e9 du Directeur de partenariat et juridiques ainsi que du Hub Manager de Lubumbashi, a \u00e9t\u00e9 re\u00e7u par son Excellence Monsieur le ministre des Mines, Hydrocarbures, \u00c9nergie, Environnement et D\u00e9veloppement durable. Cette rencontre s&rsquo;est inscrit dans le cadre des pr\u00e9paratifs de la journ\u00e9e porte-ouverte de l&rsquo;entreprise qui se tiendra le 20 septembre 2024 \u00e0 Lubumbashi.<\/p>\n\n\n\n<p>Les discussions ont principalement port\u00e9 sur l&rsquo;importance pour le gouvernement provincial de s&rsquo;approprier la gestion des d\u00e9chets d&rsquo;\u00e9quipements \u00e9lectriques et \u00e9lectroniques (DEEE), afin de r\u00e9duire la pollution environnementale. Cette initiative vise \u00e0 soutenir les efforts de GVB SARL, acteur cl\u00e9 dans ce domaine, et \u00e0 renforcer la lutte contre la d\u00e9gradation environnementale caus\u00e9e par ces d\u00e9chets.<\/p>\n\n\n\n<p>EM<\/p>\n","protected":false},"excerpt":{"rendered":"<p>Le jeudi 19 septembre 2024, le Directeur G\u00e9n\u00e9ral de Great Vision Business Holding (GVB) sarl, Joel Tembo Vwira, accompagn\u00e9 du Directeur de partenariat et juridiques ainsi que du Hub Manager de Lubumbashi, a \u00e9t\u00e9 re\u00e7u par son Excellence Monsieur le ministre des Mines, Hydrocarbures, \u00c9nergie, Environnement et D\u00e9veloppement durable. Cette rencontre s&rsquo;est inscrit dans le [&hellip;]<\/p>\n","protected":false},"author":1,"featured_media":773,"comment_status":"open","ping_status":"open","sticky":false,"template":"","format":"standard","meta":{"_bbp_topic_count":0,"_bbp_reply_count":0,"_bbp_total_topic_count":0,"_bbp_total_reply_count":0,"_bbp_voice_count":0,"_bbp_anonymous_reply_count":0,"_bbp_topic_count_hidden":0,"_bbp_reply_count_hidden":0,"_bbp_forum_subforum_count":0,"footnotes":""},"categories":[7,6],"tags":[203,109,205,76,77,206],"class_list":["post-772","post","type-post","status-publish","format-standard","has-post-thumbnail","hentry","category-initiatives","category-news","tag-deee","tag-entrepreneurs","tag-environnement","tag-fec","tag-rdc","tag-recyclage"],"amp_enabled":true,"_links":{"self":[{"href":"https:\/\/entrepreneurmagazinerdc.com\/index.php\/wp-json\/wp\/v2\/posts\/772","targetHints":{"allow":["GET"]}}],"collection":[{"href":"https:\/\/entrepreneurmagazinerdc.com\/index.php\/wp-json\/wp\/v2\/posts"}],"about":[{"href":"https:\/\/entrepreneurmagazinerdc.com\/index.php\/wp-json\/wp\/v2\/types\/post"}],"author":[{"embeddable":true,"href":"https:\/\/entrepreneurmagazinerdc.com\/index.php\/wp-json\/wp\/v2\/users\/1"}],"replies":[{"embeddable":true,"href":"https:\/\/entrepreneurmagazinerdc.com\/index.php\/wp-json\/wp\/v2\/comments?post=772"}],"version-history":[{"count":1,"href":"https:\/\/entrepreneurmagazinerdc.com\/index.php\/wp-json\/wp\/v2\/posts\/772\/revisions"}],"predecessor-version":[{"id":774,"href":"https:\/\/entrepreneurmagazinerdc.com\/index.php\/wp-json\/wp\/v2\/posts\/772\/revisions\/774"}],"wp:featuredmedia":[{"embeddable":true,"href":"https:\/\/entrepreneurmagazinerdc.com\/index.php\/wp-json\/wp\/v2\/media\/773"}],"wp:attachment":[{"href":"https:\/\/entrepreneurmagazinerdc.com\/index.php\/wp-json\/wp\/v2\/media?parent=772"}],"wp:term":[{"taxonomy":"category","embeddable":true,"href":"https:\/\/entrepreneurmagazinerdc.com\/index.php\/wp-json\/wp\/v2\/categories?post=772"},{"taxonomy":"post_tag","embeddable":true,"href":"https:\/\/entrepreneurmagazinerdc.com\/index.php\/wp-json\/wp\/v2\/tags?post=772"}],"curies":[{"name":"wp","href":"https:\/\/api.w.org\/{rel}","templated":true}]}}