{"id":857,"date":"2024-10-28T09:00:08","date_gmt":"2024-10-28T07:00:08","guid":{"rendered":"https:\/\/entrepreneurmagazinerdc.com\/?p=857"},"modified":"2024-10-28T09:00:12","modified_gmt":"2024-10-28T07:00:12","slug":"succes-de-la-1ere-foire-de-la-formation-professionnelle-a-kinshasa","status":"publish","type":"post","link":"https:\/\/entrepreneurmagazinerdc.com\/index.php\/2024\/10\/28\/succes-de-la-1ere-foire-de-la-formation-professionnelle-a-kinshasa\/","title":{"rendered":"Succ\u00e8s de la 1\u00e8re Foire de la Formation Professionnelle \u00e0 Kinshasa"},"content":{"rendered":"\n<p>Kinshasa a accueilli avec succ\u00e8s la premi\u00e8re \u00e9dition de la Foire de la Formation Professionnelle (FFP 2024), un \u00e9v\u00e9nement pionnier qui s\u2019est tenu du 24 au 26 octobre \u00e0 l\u2019Institut pilote des sciences de sant\u00e9 (INPSS). L\u2019\u00e9v\u00e9nement a \u00e9t\u00e9 inaugur\u00e9 par le Vice-premier ministre de la Fonction publique, SEM Jean-Pierre Lihau, en repr\u00e9sentation de la Premi\u00e8re ministre SEM Judith Suminwa. Plac\u00e9e sous le th\u00e8me \u00ab Formation professionnelle : levier de d\u00e9veloppement du capital humain et de la croissance \u00e9conomique de la RDC \u00bb, cette foire visait \u00e0 sensibiliser la population congolaise aux opportunit\u00e9s offertes par la formation professionnelle.<\/p>\n\n\n\n<figure class=\"wp-block-gallery has-nested-images columns-default is-cropped wp-block-gallery-1 is-layout-flex wp-block-gallery-is-layout-flex\">\n<figure class=\"wp-block-image size-large\"><img loading=\"lazy\" decoding=\"async\" width=\"1024\" height=\"682\" data-id=\"863\" src=\"https:\/\/entrepreneurmagazinerdc.com\/wp-content\/uploads\/2024\/10\/1000237512-1024x682.jpg\" alt=\"\" class=\"wp-image-863\" srcset=\"https:\/\/entrepreneurmagazinerdc.com\/wp-content\/uploads\/2024\/10\/1000237512-1024x682.jpg 1024w, https:\/\/entrepreneurmagazinerdc.com\/wp-content\/uploads\/2024\/10\/1000237512-300x200.jpg 300w, https:\/\/entrepreneurmagazinerdc.com\/wp-content\/uploads\/2024\/10\/1000237512-768x511.jpg 768w, https:\/\/entrepreneurmagazinerdc.com\/wp-content\/uploads\/2024\/10\/1000237512-1536x1022.jpg 1536w, https:\/\/entrepreneurmagazinerdc.com\/wp-content\/uploads\/2024\/10\/1000237512-2048x1363.jpg 2048w, https:\/\/entrepreneurmagazinerdc.com\/wp-content\/uploads\/2024\/10\/1000237512-750x499.jpg 750w, https:\/\/entrepreneurmagazinerdc.com\/wp-content\/uploads\/2024\/10\/1000237512-1140x759.jpg 1140w\" sizes=\"auto, (max-width: 1024px) 100vw, 1024px\" \/><\/figure>\n\n\n\n<figure class=\"wp-block-image size-large\"><img loading=\"lazy\" decoding=\"async\" width=\"1024\" height=\"682\" data-id=\"862\" src=\"https:\/\/entrepreneurmagazinerdc.com\/wp-content\/uploads\/2024\/10\/1000237513-1024x682.jpg\" alt=\"\" class=\"wp-image-862\" srcset=\"https:\/\/entrepreneurmagazinerdc.com\/wp-content\/uploads\/2024\/10\/1000237513-1024x682.jpg 1024w, https:\/\/entrepreneurmagazinerdc.com\/wp-content\/uploads\/2024\/10\/1000237513-300x200.jpg 300w, https:\/\/entrepreneurmagazinerdc.com\/wp-content\/uploads\/2024\/10\/1000237513-768x511.jpg 768w, https:\/\/entrepreneurmagazinerdc.com\/wp-content\/uploads\/2024\/10\/1000237513-1536x1022.jpg 1536w, https:\/\/entrepreneurmagazinerdc.com\/wp-content\/uploads\/2024\/10\/1000237513-2048x1363.jpg 2048w, https:\/\/entrepreneurmagazinerdc.com\/wp-content\/uploads\/2024\/10\/1000237513-750x499.jpg 750w, https:\/\/entrepreneurmagazinerdc.com\/wp-content\/uploads\/2024\/10\/1000237513-1140x759.jpg 1140w\" sizes=\"auto, (max-width: 1024px) 100vw, 1024px\" \/><\/figure>\n\n\n\n<figure class=\"wp-block-image size-large\"><img loading=\"lazy\" decoding=\"async\" width=\"800\" height=\"600\" data-id=\"861\" src=\"https:\/\/entrepreneurmagazinerdc.com\/wp-content\/uploads\/2024\/10\/IMG-20241024-WA0086.jpg\" alt=\"\" class=\"wp-image-861\" srcset=\"https:\/\/entrepreneurmagazinerdc.com\/wp-content\/uploads\/2024\/10\/IMG-20241024-WA0086.jpg 800w, https:\/\/entrepreneurmagazinerdc.com\/wp-content\/uploads\/2024\/10\/IMG-20241024-WA0086-300x225.jpg 300w, https:\/\/entrepreneurmagazinerdc.com\/wp-content\/uploads\/2024\/10\/IMG-20241024-WA0086-768x576.jpg 768w, https:\/\/entrepreneurmagazinerdc.com\/wp-content\/uploads\/2024\/10\/IMG-20241024-WA0086-750x563.jpg 750w\" sizes=\"auto, (max-width: 800px) 100vw, 800px\" \/><\/figure>\n\n\n\n<figure class=\"wp-block-image size-large\"><img loading=\"lazy\" decoding=\"async\" width=\"1024\" height=\"682\" data-id=\"860\" src=\"https:\/\/entrepreneurmagazinerdc.com\/wp-content\/uploads\/2024\/10\/IMG-20241027-WA0027-1024x682.jpg\" alt=\"\" class=\"wp-image-860\" srcset=\"https:\/\/entrepreneurmagazinerdc.com\/wp-content\/uploads\/2024\/10\/IMG-20241027-WA0027-1024x682.jpg 1024w, https:\/\/entrepreneurmagazinerdc.com\/wp-content\/uploads\/2024\/10\/IMG-20241027-WA0027-300x200.jpg 300w, https:\/\/entrepreneurmagazinerdc.com\/wp-content\/uploads\/2024\/10\/IMG-20241027-WA0027-768x511.jpg 768w, https:\/\/entrepreneurmagazinerdc.com\/wp-content\/uploads\/2024\/10\/IMG-20241027-WA0027-1536x1022.jpg 1536w, https:\/\/entrepreneurmagazinerdc.com\/wp-content\/uploads\/2024\/10\/IMG-20241027-WA0027-2048x1363.jpg 2048w, https:\/\/entrepreneurmagazinerdc.com\/wp-content\/uploads\/2024\/10\/IMG-20241027-WA0027-750x499.jpg 750w, https:\/\/entrepreneurmagazinerdc.com\/wp-content\/uploads\/2024\/10\/IMG-20241027-WA0027-1140x759.jpg 1140w\" sizes=\"auto, (max-width: 1024px) 100vw, 1024px\" \/><\/figure>\n\n\n\n<figure class=\"wp-block-image size-large\"><img loading=\"lazy\" decoding=\"async\" width=\"1024\" height=\"682\" data-id=\"859\" src=\"https:\/\/entrepreneurmagazinerdc.com\/wp-content\/uploads\/2024\/10\/IMG-20241027-WA0029-1024x682.jpg\" alt=\"\" class=\"wp-image-859\" srcset=\"https:\/\/entrepreneurmagazinerdc.com\/wp-content\/uploads\/2024\/10\/IMG-20241027-WA0029-1024x682.jpg 1024w, https:\/\/entrepreneurmagazinerdc.com\/wp-content\/uploads\/2024\/10\/IMG-20241027-WA0029-300x200.jpg 300w, https:\/\/entrepreneurmagazinerdc.com\/wp-content\/uploads\/2024\/10\/IMG-20241027-WA0029-768x511.jpg 768w, https:\/\/entrepreneurmagazinerdc.com\/wp-content\/uploads\/2024\/10\/IMG-20241027-WA0029-750x499.jpg 750w, https:\/\/entrepreneurmagazinerdc.com\/wp-content\/uploads\/2024\/10\/IMG-20241027-WA0029-1140x759.jpg 1140w, https:\/\/entrepreneurmagazinerdc.com\/wp-content\/uploads\/2024\/10\/IMG-20241027-WA0029.jpg 1200w\" sizes=\"auto, (max-width: 1024px) 100vw, 1024px\" \/><\/figure>\n\n\n\n<figure class=\"wp-block-image size-large\"><img loading=\"lazy\" decoding=\"async\" width=\"1024\" height=\"682\" data-id=\"858\" src=\"https:\/\/entrepreneurmagazinerdc.com\/wp-content\/uploads\/2024\/10\/IMG-20241025-WA0010-1024x682.jpg\" alt=\"\" class=\"wp-image-858\" srcset=\"https:\/\/entrepreneurmagazinerdc.com\/wp-content\/uploads\/2024\/10\/IMG-20241025-WA0010-1024x682.jpg 1024w, https:\/\/entrepreneurmagazinerdc.com\/wp-content\/uploads\/2024\/10\/IMG-20241025-WA0010-300x200.jpg 300w, https:\/\/entrepreneurmagazinerdc.com\/wp-content\/uploads\/2024\/10\/IMG-20241025-WA0010-768x511.jpg 768w, https:\/\/entrepreneurmagazinerdc.com\/wp-content\/uploads\/2024\/10\/IMG-20241025-WA0010-750x499.jpg 750w, https:\/\/entrepreneurmagazinerdc.com\/wp-content\/uploads\/2024\/10\/IMG-20241025-WA0010-1140x759.jpg 1140w, https:\/\/entrepreneurmagazinerdc.com\/wp-content\/uploads\/2024\/10\/IMG-20241025-WA0010.jpg 1200w\" sizes=\"auto, (max-width: 1024px) 100vw, 1024px\" \/><\/figure>\n<\/figure>\n\n\n\n<p>Le ministre de la Formation professionnelle, SEM Marc Ekila, a soulign\u00e9 l\u2019importance de cette initiative pour promouvoir un secteur souvent mal per\u00e7u. Selon lui, la foire visait \u00e0 attirer l\u2019attention sur la formation professionnelle en tant que moteur essentiel de la croissance \u00e9conomique, align\u00e9e avec la vision du pr\u00e9sident F\u00e9lix-Antoine Tshisekedi en faveur de l&#8217;emploi et de la qualification de la main-d&rsquo;\u0153uvre congolaise.<\/p>\n\n\n\n<p>Au programme de la FFP 2024, des panels ont explor\u00e9 les diff\u00e9rentes fili\u00e8res de formation, tandis que des stands anim\u00e9s par des entreprises et centres de formation partenaires ont attir\u00e9 des milliers de visiteurs. Le ministre a \u00e9galement mis en avant les r\u00e9formes r\u00e9cemment introduites pour rendre le secteur plus attrayant et accessible. Parmi elles figurent le d\u00e9veloppement de partenariats public-priv\u00e9, la cr\u00e9ation d\u2019un cadre de concertation avec les organisations patronales, et la promotion des m\u00e9tiers en lien avec la protection de l\u2019environnement.<\/p>\n\n\n\n<p>L\u2019\u00e9v\u00e9nement a permis d\u2019enregistrer de nombreuses inscriptions dans les centres de formation, marquant ainsi une avanc\u00e9e concr\u00e8te vers la cr\u00e9ation d\u2019une main-d&rsquo;\u0153uvre qualifi\u00e9e en RDC. En appelant les partenaires techniques et financiers \u00e0 soutenir cette d\u00e9marche, le ministre Ekila a ouvert la voie \u00e0 un avenir o\u00f9 la formation professionnelle jouera un r\u00f4le central dans le d\u00e9veloppement socio\u00e9conomique du pays.<\/p>\n\n\n\n<p>La R\u00e9daction<\/p>\n","protected":false},"excerpt":{"rendered":"<p>Kinshasa a accueilli avec succ\u00e8s la premi\u00e8re \u00e9dition de la Foire de la Formation Professionnelle (FFP 2024), un \u00e9v\u00e9nement pionnier qui s\u2019est tenu du 24 au 26 octobre \u00e0 l\u2019Institut pilote des sciences de sant\u00e9 (INPSS). L\u2019\u00e9v\u00e9nement a \u00e9t\u00e9 inaugur\u00e9 par le Vice-premier ministre de la Fonction publique, SEM Jean-Pierre Lihau, en repr\u00e9sentation de la [&hellip;]<\/p>\n","protected":false},"author":1,"featured_media":864,"comment_status":"open","ping_status":"open","sticky":false,"template":"","format":"standard","meta":{"_bbp_topic_count":0,"_bbp_reply_count":0,"_bbp_total_topic_count":0,"_bbp_total_reply_count":0,"_bbp_voice_count":0,"_bbp_anonymous_reply_count":0,"_bbp_topic_count_hidden":0,"_bbp_reply_count_hidden":0,"_bbp_forum_subforum_count":0,"footnotes":""},"categories":[72,45,6],"tags":[244,250,97],"class_list":["post-857","post","type-post","status-publish","format-standard","has-post-thumbnail","hentry","category-evenement","category-featured","category-news","tag-emploi","tag-formation-professionnelle","tag-kinshasa"],"amp_enabled":true,"_links":{"self":[{"href":"https:\/\/entrepreneurmagazinerdc.com\/index.php\/wp-json\/wp\/v2\/posts\/857","targetHints":{"allow":["GET"]}}],"collection":[{"href":"https:\/\/entrepreneurmagazinerdc.com\/index.php\/wp-json\/wp\/v2\/posts"}],"about":[{"href":"https:\/\/entrepreneurmagazinerdc.com\/index.php\/wp-json\/wp\/v2\/types\/post"}],"author":[{"embeddable":true,"href":"https:\/\/entrepreneurmagazinerdc.com\/index.php\/wp-json\/wp\/v2\/users\/1"}],"replies":[{"embeddable":true,"href":"https:\/\/entrepreneurmagazinerdc.com\/index.php\/wp-json\/wp\/v2\/comments?post=857"}],"version-history":[{"count":1,"href":"https:\/\/entrepreneurmagazinerdc.com\/index.php\/wp-json\/wp\/v2\/posts\/857\/revisions"}],"predecessor-version":[{"id":865,"href":"https:\/\/entrepreneurmagazinerdc.com\/index.php\/wp-json\/wp\/v2\/posts\/857\/revisions\/865"}],"wp:featuredmedia":[{"embeddable":true,"href":"https:\/\/entrepreneurmagazinerdc.com\/index.php\/wp-json\/wp\/v2\/media\/864"}],"wp:attachment":[{"href":"https:\/\/entrepreneurmagazinerdc.com\/index.php\/wp-json\/wp\/v2\/media?parent=857"}],"wp:term":[{"taxonomy":"category","embeddable":true,"href":"https:\/\/entrepreneurmagazinerdc.com\/index.php\/wp-json\/wp\/v2\/categories?post=857"},{"taxonomy":"post_tag","embeddable":true,"href":"https:\/\/entrepreneurmagazinerdc.com\/index.php\/wp-json\/wp\/v2\/tags?post=857"}],"curies":[{"name":"wp","href":"https:\/\/api.w.org\/{rel}","templated":true}]}}