{"id":901,"date":"2024-11-22T10:26:07","date_gmt":"2024-11-22T08:26:07","guid":{"rendered":"https:\/\/entrepreneurmagazinerdc.com\/?p=901"},"modified":"2024-11-22T10:26:10","modified_gmt":"2024-11-22T08:26:10","slug":"lazes-et-larca-signent-un-protocole-daccord-pour-promouvoir-les-assurances-dans-la-zes-de-maluku","status":"publish","type":"post","link":"https:\/\/entrepreneurmagazinerdc.com\/index.php\/2024\/11\/22\/lazes-et-larca-signent-un-protocole-daccord-pour-promouvoir-les-assurances-dans-la-zes-de-maluku\/","title":{"rendered":"L\u2019AZES et l\u2019ARCA signent un protocole d\u2019accord pour promouvoir les assurances dans la ZES de Maluku"},"content":{"rendered":"\n<p>Le jeudi 21 novembre 2024, <a href=\"https:\/\/azes.cd\/\">l\u2019Agence des zones \u00e9conomiques sp\u00e9ciales (AZES) <\/a>et <a href=\"https:\/\/arca.cd\/\">l\u2019Autorit\u00e9 de r\u00e9gulation et de contr\u00f4le des assurances (ARCA)<\/a> ont officialis\u00e9 un partenariat en signant un protocole d\u2019accord. Cette initiative vise \u00e0 encourager les entreprises de la Zone \u00e9conomique sp\u00e9ciale (ZES) de Maluku \u00e0 souscrire des assurances aupr\u00e8s des compagnies op\u00e9rant en R\u00e9publique D\u00e9mocratique du Congo (RDC).<\/p>\n\n\n\n<p>La c\u00e9r\u00e9monie a eu lieu au si\u00e8ge de l\u2019AZES, dans la commune de Gombe (Kinshasa). Les deux institutions \u00e9taient repr\u00e9sent\u00e9es par leurs Directeurs G\u00e9n\u00e9raux respectifs, Auguy Bolanda Menga pour l\u2019AZES et Alain Kaninda pour l\u2019ARCA.<\/p>\n\n\n\n<p>Ce partenariat marque une \u00e9tape importante dans la sensibilisation des entreprises des ZES aux avantages et \u00e0 l\u2019importance des assurances locales. \u00ab Nous devons collaborer pour faire respecter les lois de la R\u00e9publique. Cette signature est un signal fort adress\u00e9 aux entreprises pour qu\u2019elles privil\u00e9gient les compagnies d\u2019assurances congolaises \u00bb, a affirm\u00e9 Auguy Bolanda.<\/p>\n\n\n\n<p>Alain Kaninda a \u00e9galement soulign\u00e9 l\u2019importance de ce protocole dans la concr\u00e9tisation de la vision du Pr\u00e9sident F\u00e9lix-Antoine Tshisekedi, centr\u00e9e sur l\u2019am\u00e9lioration du climat des affaires et la cr\u00e9ation d\u2019emplois. \u00ab Nous sommes d\u00e9termin\u00e9s \u00e0 attirer davantage d\u2019investisseurs et \u00e0 renforcer l\u2019\u00e9cosyst\u00e8me \u00e9conomique \u00bb, a-t-il d\u00e9clar\u00e9.<\/p>\n\n\n\n<p>Les deux institutions ont convenu d\u2019un suivi r\u00e9gulier pour garantir une mise en \u0153uvre efficace de cet accord, renfor\u00e7ant ainsi leur collaboration au service du d\u00e9veloppement \u00e9conomique en RDC.<\/p>\n\n\n\n<p>La R\u00e9daction<\/p>\n","protected":false},"excerpt":{"rendered":"<p>Le jeudi 21 novembre 2024, l\u2019Agence des zones \u00e9conomiques sp\u00e9ciales (AZES) et l\u2019Autorit\u00e9 de r\u00e9gulation et de contr\u00f4le des assurances (ARCA) ont officialis\u00e9 un partenariat en signant un protocole d\u2019accord. Cette initiative vise \u00e0 encourager les entreprises de la Zone \u00e9conomique sp\u00e9ciale (ZES) de Maluku \u00e0 souscrire des assurances aupr\u00e8s des compagnies op\u00e9rant en R\u00e9publique [&hellip;]<\/p>\n","protected":false},"author":1,"featured_media":902,"comment_status":"open","ping_status":"open","sticky":false,"template":"","format":"standard","meta":{"_bbp_topic_count":0,"_bbp_reply_count":0,"_bbp_total_topic_count":0,"_bbp_total_reply_count":0,"_bbp_voice_count":0,"_bbp_anonymous_reply_count":0,"_bbp_topic_count_hidden":0,"_bbp_reply_count_hidden":0,"_bbp_forum_subforum_count":0,"footnotes":""},"categories":[6],"tags":[256,97,258],"class_list":["post-901","post","type-post","status-publish","format-standard","has-post-thumbnail","hentry","category-news","tag-azes","tag-kinshasa","tag-maluku"],"amp_enabled":true,"_links":{"self":[{"href":"https:\/\/entrepreneurmagazinerdc.com\/index.php\/wp-json\/wp\/v2\/posts\/901","targetHints":{"allow":["GET"]}}],"collection":[{"href":"https:\/\/entrepreneurmagazinerdc.com\/index.php\/wp-json\/wp\/v2\/posts"}],"about":[{"href":"https:\/\/entrepreneurmagazinerdc.com\/index.php\/wp-json\/wp\/v2\/types\/post"}],"author":[{"embeddable":true,"href":"https:\/\/entrepreneurmagazinerdc.com\/index.php\/wp-json\/wp\/v2\/users\/1"}],"replies":[{"embeddable":true,"href":"https:\/\/entrepreneurmagazinerdc.com\/index.php\/wp-json\/wp\/v2\/comments?post=901"}],"version-history":[{"count":1,"href":"https:\/\/entrepreneurmagazinerdc.com\/index.php\/wp-json\/wp\/v2\/posts\/901\/revisions"}],"predecessor-version":[{"id":903,"href":"https:\/\/entrepreneurmagazinerdc.com\/index.php\/wp-json\/wp\/v2\/posts\/901\/revisions\/903"}],"wp:featuredmedia":[{"embeddable":true,"href":"https:\/\/entrepreneurmagazinerdc.com\/index.php\/wp-json\/wp\/v2\/media\/902"}],"wp:attachment":[{"href":"https:\/\/entrepreneurmagazinerdc.com\/index.php\/wp-json\/wp\/v2\/media?parent=901"}],"wp:term":[{"taxonomy":"category","embeddable":true,"href":"https:\/\/entrepreneurmagazinerdc.com\/index.php\/wp-json\/wp\/v2\/categories?post=901"},{"taxonomy":"post_tag","embeddable":true,"href":"https:\/\/entrepreneurmagazinerdc.com\/index.php\/wp-json\/wp\/v2\/tags?post=901"}],"curies":[{"name":"wp","href":"https:\/\/api.w.org\/{rel}","templated":true}]}}