{"id":940,"date":"2024-12-19T11:02:52","date_gmt":"2024-12-19T09:02:52","guid":{"rendered":"https:\/\/entrepreneurmagazinerdc.com\/?p=940"},"modified":"2024-12-19T11:02:54","modified_gmt":"2024-12-19T09:02:54","slug":"revision-de-la-loi-de-2017-vers-une-sous-traitance-equitable-et-un-contenu-local-renforce","status":"publish","type":"post","link":"https:\/\/entrepreneurmagazinerdc.com\/index.php\/2024\/12\/19\/revision-de-la-loi-de-2017-vers-une-sous-traitance-equitable-et-un-contenu-local-renforce\/","title":{"rendered":"R\u00e9vision de la loi de 2017 : Vers une sous-traitance \u00e9quitable et un contenu local renforc\u00e9"},"content":{"rendered":"\n<p><strong>Table Ronde sur la Sous-Traitance : Vers une Loi Plus Inclusive et Structur\u00e9e<\/strong><\/p>\n\n\n\n<p>Kolwezi, le 19 d\u00e9cembre 2024 \u2013 La Table Ronde sur la sous-traitance en RDC, organis\u00e9e par la F\u00e9d\u00e9ration des Entreprises du Congo (FEC) avec l&rsquo;appui du PNUD, a marqu\u00e9 un tournant d\u00e9cisif pour le secteur priv\u00e9. Sous la pr\u00e9sidence de SEM Louis Watum, Ministre de l\u2019Industrie et du D\u00e9veloppement des Petites et Moyennes Entreprises, cet \u00e9v\u00e9nement a r\u00e9uni acteurs publics et priv\u00e9s pour discuter des enjeux, d\u00e9fis et opportunit\u00e9s de la sous-traitance.<\/p>\n\n\n\n<figure class=\"wp-block-gallery has-nested-images columns-default is-cropped wp-block-gallery-1 is-layout-flex wp-block-gallery-is-layout-flex\">\n<figure class=\"wp-block-image size-large\"><img loading=\"lazy\" decoding=\"async\" width=\"1024\" height=\"683\" data-id=\"944\" src=\"https:\/\/entrepreneurmagazinerdc.com\/wp-content\/uploads\/2024\/12\/1734584372334-1024x683.jpg\" alt=\"\" class=\"wp-image-944\" srcset=\"https:\/\/entrepreneurmagazinerdc.com\/wp-content\/uploads\/2024\/12\/1734584372334-1024x683.jpg 1024w, https:\/\/entrepreneurmagazinerdc.com\/wp-content\/uploads\/2024\/12\/1734584372334-300x200.jpg 300w, https:\/\/entrepreneurmagazinerdc.com\/wp-content\/uploads\/2024\/12\/1734584372334-768x512.jpg 768w, https:\/\/entrepreneurmagazinerdc.com\/wp-content\/uploads\/2024\/12\/1734584372334-1536x1024.jpg 1536w, https:\/\/entrepreneurmagazinerdc.com\/wp-content\/uploads\/2024\/12\/1734584372334-750x500.jpg 750w, https:\/\/entrepreneurmagazinerdc.com\/wp-content\/uploads\/2024\/12\/1734584372334-1140x760.jpg 1140w, https:\/\/entrepreneurmagazinerdc.com\/wp-content\/uploads\/2024\/12\/1734584372334.jpg 2048w\" sizes=\"auto, (max-width: 1024px) 100vw, 1024px\" \/><\/figure>\n\n\n\n<figure class=\"wp-block-image size-large\"><img loading=\"lazy\" decoding=\"async\" width=\"1024\" height=\"683\" data-id=\"943\" src=\"https:\/\/entrepreneurmagazinerdc.com\/wp-content\/uploads\/2024\/12\/1734584371047-1024x683.jpg\" alt=\"\" class=\"wp-image-943\" srcset=\"https:\/\/entrepreneurmagazinerdc.com\/wp-content\/uploads\/2024\/12\/1734584371047-1024x683.jpg 1024w, https:\/\/entrepreneurmagazinerdc.com\/wp-content\/uploads\/2024\/12\/1734584371047-300x200.jpg 300w, https:\/\/entrepreneurmagazinerdc.com\/wp-content\/uploads\/2024\/12\/1734584371047-768x512.jpg 768w, https:\/\/entrepreneurmagazinerdc.com\/wp-content\/uploads\/2024\/12\/1734584371047-1536x1024.jpg 1536w, https:\/\/entrepreneurmagazinerdc.com\/wp-content\/uploads\/2024\/12\/1734584371047-750x500.jpg 750w, https:\/\/entrepreneurmagazinerdc.com\/wp-content\/uploads\/2024\/12\/1734584371047-1140x760.jpg 1140w, https:\/\/entrepreneurmagazinerdc.com\/wp-content\/uploads\/2024\/12\/1734584371047.jpg 2048w\" sizes=\"auto, (max-width: 1024px) 100vw, 1024px\" \/><\/figure>\n\n\n\n<figure class=\"wp-block-image size-large\"><img loading=\"lazy\" decoding=\"async\" width=\"1024\" height=\"683\" data-id=\"942\" src=\"https:\/\/entrepreneurmagazinerdc.com\/wp-content\/uploads\/2024\/12\/1734584362480-1024x683.jpg\" alt=\"\" class=\"wp-image-942\" srcset=\"https:\/\/entrepreneurmagazinerdc.com\/wp-content\/uploads\/2024\/12\/1734584362480-1024x683.jpg 1024w, https:\/\/entrepreneurmagazinerdc.com\/wp-content\/uploads\/2024\/12\/1734584362480-300x200.jpg 300w, https:\/\/entrepreneurmagazinerdc.com\/wp-content\/uploads\/2024\/12\/1734584362480-768x512.jpg 768w, https:\/\/entrepreneurmagazinerdc.com\/wp-content\/uploads\/2024\/12\/1734584362480-1536x1024.jpg 1536w, https:\/\/entrepreneurmagazinerdc.com\/wp-content\/uploads\/2024\/12\/1734584362480-750x500.jpg 750w, https:\/\/entrepreneurmagazinerdc.com\/wp-content\/uploads\/2024\/12\/1734584362480-1140x760.jpg 1140w, https:\/\/entrepreneurmagazinerdc.com\/wp-content\/uploads\/2024\/12\/1734584362480.jpg 2048w\" sizes=\"auto, (max-width: 1024px) 100vw, 1024px\" \/><\/figure>\n<\/figure>\n\n\n\n<p>Dans son intervention, le Ministre Watum a d\u00e9voil\u00e9 les fruits d\u2019un travail intense men\u00e9 par une Commission multipartite qui, durant trois mois, a relu et enrichi la loi de 2017 sur la sous-traitance. Les propositions phares incluent :<\/p>\n\n\n\n<ul class=\"wp-block-list\">\n<li>Une clarification des concepts juridiques pour lever toute ambigu\u00eft\u00e9 ;<\/li>\n\n\n\n<li>La protection des march\u00e9s de sous-traitance pour les entreprises majoritairement congolaises ;<\/li>\n\n\n\n<li>Un r\u00e9gime de sanctions graduel et dissuasif ;<\/li>\n\n\n\n<li>Un m\u00e9canisme de r\u00e8glement amiable des diff\u00e9rends sous l\u2019\u00e9gide de l\u2019Autorit\u00e9 de R\u00e9gulation de la Sous-traitance ;<\/li>\n\n\n\n<li>La pr\u00e9servation d\u2019un climat d\u2019affaires attractif pour les investisseurs.<\/li>\n<\/ul>\n\n\n\n<p>Le Ministre a \u00e9galement annonc\u00e9 un avant-projet de loi sur le contenu local, visant \u00e0 renforcer la participation des Congolais qualifi\u00e9s dans les secteurs \u00e9conomiques porteurs. Ces r\u00e9formes, apr\u00e8s examen par le Parlement, devraient renforcer l\u2019inclusivit\u00e9 et la comp\u00e9titivit\u00e9 de l\u2019\u00e9conomie nationale.<\/p>\n\n\n\n<p>Cet engagement t\u00e9moigne de la volont\u00e9 du gouvernement de promouvoir un \u00e9cosyst\u00e8me \u00e9conomique durable et \u00e9quitable, en synergie avec le secteur priv\u00e9.<\/p>\n\n\n\n<p>La R\u00e9daction<\/p>\n\n\n\n<p><\/p>\n","protected":false},"excerpt":{"rendered":"<p>Table Ronde sur la Sous-Traitance : Vers une Loi Plus Inclusive et Structur\u00e9e Kolwezi, le 19 d\u00e9cembre 2024 \u2013 La Table Ronde sur la sous-traitance en RDC, organis\u00e9e par la F\u00e9d\u00e9ration des Entreprises du Congo (FEC) avec l&rsquo;appui du PNUD, a marqu\u00e9 un tournant d\u00e9cisif pour le secteur priv\u00e9. Sous la pr\u00e9sidence de SEM Louis [&hellip;]<\/p>\n","protected":false},"author":1,"featured_media":941,"comment_status":"open","ping_status":"open","sticky":false,"template":"","format":"standard","meta":{"_bbp_topic_count":0,"_bbp_reply_count":0,"_bbp_total_topic_count":0,"_bbp_total_reply_count":0,"_bbp_voice_count":0,"_bbp_anonymous_reply_count":0,"_bbp_topic_count_hidden":0,"_bbp_reply_count_hidden":0,"_bbp_forum_subforum_count":0,"footnotes":""},"categories":[72,6],"tags":[129,76,77,81],"class_list":["post-940","post","type-post","status-publish","format-standard","has-post-thumbnail","hentry","category-evenement","category-news","tag-arsp","tag-fec","tag-rdc","tag-sous-traitance"],"amp_enabled":true,"_links":{"self":[{"href":"https:\/\/entrepreneurmagazinerdc.com\/index.php\/wp-json\/wp\/v2\/posts\/940","targetHints":{"allow":["GET"]}}],"collection":[{"href":"https:\/\/entrepreneurmagazinerdc.com\/index.php\/wp-json\/wp\/v2\/posts"}],"about":[{"href":"https:\/\/entrepreneurmagazinerdc.com\/index.php\/wp-json\/wp\/v2\/types\/post"}],"author":[{"embeddable":true,"href":"https:\/\/entrepreneurmagazinerdc.com\/index.php\/wp-json\/wp\/v2\/users\/1"}],"replies":[{"embeddable":true,"href":"https:\/\/entrepreneurmagazinerdc.com\/index.php\/wp-json\/wp\/v2\/comments?post=940"}],"version-history":[{"count":1,"href":"https:\/\/entrepreneurmagazinerdc.com\/index.php\/wp-json\/wp\/v2\/posts\/940\/revisions"}],"predecessor-version":[{"id":945,"href":"https:\/\/entrepreneurmagazinerdc.com\/index.php\/wp-json\/wp\/v2\/posts\/940\/revisions\/945"}],"wp:featuredmedia":[{"embeddable":true,"href":"https:\/\/entrepreneurmagazinerdc.com\/index.php\/wp-json\/wp\/v2\/media\/941"}],"wp:attachment":[{"href":"https:\/\/entrepreneurmagazinerdc.com\/index.php\/wp-json\/wp\/v2\/media?parent=940"}],"wp:term":[{"taxonomy":"category","embeddable":true,"href":"https:\/\/entrepreneurmagazinerdc.com\/index.php\/wp-json\/wp\/v2\/categories?post=940"},{"taxonomy":"post_tag","embeddable":true,"href":"https:\/\/entrepreneurmagazinerdc.com\/index.php\/wp-json\/wp\/v2\/tags?post=940"}],"curies":[{"name":"wp","href":"https:\/\/api.w.org\/{rel}","templated":true}]}}